{"id":9837,"date":"2021-07-19T22:14:15","date_gmt":"2021-07-19T20:14:15","guid":{"rendered":"http:\/\/localhost:8000\/imgw-pib-podsumowanie-dotychczasowej-sytuacji-pogodowej-i-prognoza-na-kolejne-dni-komentarz-synoptyka\/"},"modified":"2025-08-25T12:44:42","modified_gmt":"2025-08-25T10:44:42","slug":"imgw-pib-podsumowanie-dotychczasowej-sytuacji-pogodowej-i-prognoza-na-kolejne-dni-komentarz-synoptyka","status":"publish","type":"post","link":"https:\/\/imgw.pl\/en\/imgw-pib-podsumowanie-dotychczasowej-sytuacji-pogodowej-i-prognoza-na-kolejne-dni-komentarz-synoptyka\/","title":{"rendered":"IMGW-PIB: Podsumowanie dotychczasowej sytuacji pogodowej i prognoza na kolejne dni \u2013 komentarz synoptyka"},"content":{"rendered":"<h2 class=\"wp-block-heading\">Po niespokojnych, burzowych dniach przyjdzie lekkie och\u0142odzenie i stabilizacja pogody. Pojawi si\u0119 s\u0142aby, przelotny deszcz ale nie zabraknie te\u017c s\u0142o\u0144ca. <\/h2>\n<p>Pomimo i\u017c front atmosferyczny i strefa wilgoci z nim zwi\u0105zana ju\u017c niemal opu\u015bci\u0142y granice naszego kraju, a do Polski nap\u0142yn\u0119\u0142o ch\u0142odniejsze, daj\u0105ce ulg\u0119 od upa\u0142\u00f3w i burz, powietrze z p\u00f3\u0142nocnego zachodu Europy, to dzisiejszy dzie\u0144 dla mieszka\u0144c\u00f3w Podkarpacia by\u0142 kolejnym z burzami i towarzysz\u0105cymi im silnymi opadami deszczu. Niestety niewielka cz\u0119\u015b\u0107 frontu nadal pozostawa\u0142a nad Podkarpaciem gdzie ju\u017c od rana grzmia\u0142o i pada\u0142o. Z godziny na godzin\u0119 sytuacja dynamicznie si\u0119 rozwija\u0142a i po po\u0142udniu w kilku powiatach Podkarpacia by\u0142a na tyle niebezpieczna \u017ce z powodu bardzo intensywnego deszczu,&nbsp; konieczne by\u0142o podniesienie ostrze\u017ce\u0144 meteorologicznych do 3&nbsp; (najwy\u017cszego) stopnia zagro\u017cenia. Burzom na og\u00f3\u0142 nie towarzyszy\u0142 silny wiatr, a najwi\u0119kszym zagro\u017ceniem by\u0142y intensywne opady deszczu utrzymuj\u0105ce si\u0119 w jednym miejscu. W\u0105ska strefa burz utrzymywa\u0142a si\u0119 nad Podkarpaciem przez wiele godzin, co spowodowa\u0142o, \u017ce na obszarze pomi\u0119dzy Ja\u015bliskim Parkiem Krajobrazowym, Rzeszowem, Krosnem i Przemy\u015blem sumy opad\u00f3w osi\u0105gn\u0119\u0142y lub przekroczy\u0142y 60 mm. Na stacjach opadowych IMGW zanotowano: Wis\u0142ok Wielki niemal 60 mm, ale w ci\u0105gu jednaj godziny spad\u0142o tam zawrotne ponad 42 mm. Na stacji Szczawno 45 mm, z czego 25 mm w ci\u0105gu jednej godziny. Podobna sytuacja mia\u0142a miejsce na stacjach Ja\u015bliska i Ka\u0144czuga. S\u0105 to ogromne sumy opad\u00f3w, kt\u00f3re w g\u00f3rskich i podg\u00f3rskich rejonach powoduj\u0105 szybkie nape\u0142nianie si\u0119 koryt rzecznych i nierzadko zalania okolicznych miejscowo\u015bci. Po po\u0142udniu aktywno\u015b\u0107 elektryczna burz usta\u0142a, jednak opady deszczu, chwilami do\u015b\u0107 silne nadal si\u0119 utrzymywa\u0142y. Temperatura powietrza by\u0142a bardzo przyjemna, od 20\u00b0C na zachodzie kraju do 25\u00b0C na wschodzie. Dzisiejszej nocy, poza przelotnymi opadami deszczu w Ma\u0142opolsce i na Podkarpaciu, lub nawet lokalnymi burzami, ale ju\u017c du\u017co s\u0142abszymi ni\u017c w ci\u0105gu dnia, b\u0119dzie spokojnie a przyjemne 13\u00b0C &#8211; 14\u00b0C zagwarantuje dobry sen.<\/p>\r\n\r\n<p>Nadchodz\u0105ce dni dadz\u0105 nam wytchnienie od niszczycielskich burz i m\u0119cz\u0105cych upa\u0142\u00f3w. We wtorek pogoda b\u0119dzie typowa dla ch\u0142odniejszego, atlantyckiego powietrza a nad Polsk\u0119 nasunie si\u0119 obszar wysokiego ci\u015bnienia. Temperatura w ci\u0105gu dnia wzro\u015bnie maksymalnie do 20\u00b0C &#8211; 25\u00b0C, pojawi\u0105 si\u0119 te\u017c chmury i s\u0142abe, przelotne opady deszczu ale b\u0119d\u0105 r\u00f3wnie\u017c d\u0142u\u017csze chwile ze s\u0142o\u0144cem.&nbsp; Niestety osoby przebywaj\u0105ce na po\u0142udniu kraju, a zw\u0142aszcza w rejonach po\u0142udniowych \u015al\u0105ska, Ma\u0142opolski i Podkarpacia, mog\u0105 spodziewa\u0107 si\u0119 burz i nieco wi\u0119kszych sum opad\u00f3w deszczu, nawet do 15-20 litr\u00f3w na metr kwadratowy, a tak\u017ce opad\u00f3w gradu. W czasie burz porywy wiatru mog\u0105 osi\u0105gn\u0105\u0107 oko\u0142o 60 km\/h.&nbsp; W \u015brod\u0119 gdzieniegdzie przelotny deszcz, przyjemne temperatury bez upa\u0142\u00f3w, du\u017co s\u0142o\u0144ca i bez burz.<\/p>\n\n\n<figure class=\"wp-block-gallery wp-block-gallery-1 is-layout-flex wp-block-gallery-is-layout-flex\">\n<div class=\"wp-block-image\">\n<img decoding=\"async\" src=\"https:\/\/imgw.pl\/wp-content\/uploads\/2021\/07\/imgw_komunikat_0719-podsumowanie-dzisiejszej-sytuacji-i-prognoza-na-kolejne-dni-zal.2.jpg\" alt=\"\" style=\"max-width: 100%; height: auto;\" \/>\n<\/div>\n<div class=\"wp-block-image\">\n<img decoding=\"async\" src=\"https:\/\/imgw.pl\/wp-content\/uploads\/2021\/07\/imgw_komunikat_0719-podsumowanie-dzisiejszej-sytuacji-i-prognoza-na-kolejne-dni-zal.1.jpg\" alt=\"\" style=\"max-width: 100%; height: auto;\" \/>\n<\/div>\n<\/figure>","protected":false},"excerpt":{"rendered":"<p>Po niespokojnych, burzowych dniach przyjdzie lekkie och\u0142odzenie i stabilizacja pogody. Pojawi si\u0119 s\u0142aby, przelotny deszcz ale nie zabraknie te\u017c s\u0142o\u0144ca. Pomimo i\u017c front atmosferyczny i strefa wilgoci z nim zwi\u0105zana ju\u017c niemal opu\u015bci\u0142y granice naszego kraju, a do Polski nap\u0142yn\u0119\u0142o ch\u0142odniejsze, daj\u0105ce ulg\u0119 od upa\u0142\u00f3w i burz, powietrze z p\u00f3\u0142nocnego zachodu Europy, to dzisiejszy dzie\u0144 [&hellip;]<\/p>\n","protected":false},"author":1,"featured_media":9841,"comment_status":"closed","ping_status":"","sticky":false,"template":"","format":"standard","meta":{"footnotes":""},"categories":[5],"tags":[],"class_list":["post-9837","post","type-post","status-publish","format-standard","has-post-thumbnail","hentry","category-aktualnosci"],"_links":{"self":[{"href":"https:\/\/imgw.pl\/en\/wp-json\/wp\/v2\/posts\/9837","targetHints":{"allow":["GET"]}}],"collection":[{"href":"https:\/\/imgw.pl\/en\/wp-json\/wp\/v2\/posts"}],"about":[{"href":"https:\/\/imgw.pl\/en\/wp-json\/wp\/v2\/types\/post"}],"author":[{"embeddable":true,"href":"https:\/\/imgw.pl\/en\/wp-json\/wp\/v2\/users\/1"}],"replies":[{"embeddable":true,"href":"https:\/\/imgw.pl\/en\/wp-json\/wp\/v2\/comments?post=9837"}],"version-history":[{"count":1,"href":"https:\/\/imgw.pl\/en\/wp-json\/wp\/v2\/posts\/9837\/revisions"}],"predecessor-version":[{"id":9842,"href":"https:\/\/imgw.pl\/en\/wp-json\/wp\/v2\/posts\/9837\/revisions\/9842"}],"wp:featuredmedia":[{"embeddable":true,"href":"https:\/\/imgw.pl\/en\/wp-json\/wp\/v2\/media\/9841"}],"wp:attachment":[{"href":"https:\/\/imgw.pl\/en\/wp-json\/wp\/v2\/media?parent=9837"}],"wp:term":[{"taxonomy":"category","embeddable":true,"href":"https:\/\/imgw.pl\/en\/wp-json\/wp\/v2\/categories?post=9837"},{"taxonomy":"post_tag","embeddable":true,"href":"https:\/\/imgw.pl\/en\/wp-json\/wp\/v2\/tags?post=9837"}],"curies":[{"name":"wp","href":"https:\/\/api.w.org\/{rel}","templated":true}]}}