{"id":9981,"date":"2021-07-30T17:58:27","date_gmt":"2021-07-30T15:58:27","guid":{"rendered":"http:\/\/localhost:8000\/imgw-pib-niebezpieczna-pogoda-w-weekend\/"},"modified":"2025-08-25T12:46:22","modified_gmt":"2025-08-25T10:46:22","slug":"imgw-pib-niebezpieczna-pogoda-w-weekend","status":"publish","type":"post","link":"https:\/\/imgw.pl\/en\/imgw-pib-niebezpieczna-pogoda-w-weekend\/","title":{"rendered":"IMGW-PIB: Niebezpieczna pogoda w weekend"},"content":{"rendered":"<h2>Przed nami weekend, kt\u00f3ry up\u0142ynie pod znakiem dynamicznej sytuacji pogodowej. Pi\u0105tek b\u0119dzie jeszcze spokojny, ale ju\u017c od soboty prognozujemy burze z gradem o wielko\u015bci nawet 5 cm, intensywne opady deszczu do 50 mm oraz silne porywy wiatru do 100 km\/h. W niedziel\u0119 na po\u0142udniowym wschodzie kraju wyst\u0105pi\u0105 te\u017c warunki sprzyjaj\u0105ce pojawieniu si\u0119 tr\u0105by powietrznej.<\/h2>\r\n\r\n<p>W sobot\u0119 zachmurzenie umiarkowane i du\u017ce. Wyst\u0105pi\u0105 przelotne opady deszczu i burze, lokalnie z gradem. Prognozowana wysoko\u015b\u0107 opad\u00f3w w czasie burz na wschodzie i po\u0142udniu kraju do 40 mm, lokalnie do 50 mm. Temperatura maksymalna od 23-25\u00b0C na p\u00f3\u0142nocnym zachodzie i nad morzem oraz w dolinach sudeckich do 30-31\u00b0C na wschodzie; w rejonach podg\u00f3rskich Karpat oko\u0142o 22\u00b0C. Wiatr s\u0142aby i umiarkowany, w porywach na zachodzie i p\u00f3\u0142nocy do 55 km\/h, nad morzem umiarkowany i do\u015b\u0107 silny, w porywach do 65 km\/h, po\u0142udniowy skr\u0119caj\u0105cy na zachodni. W czasie burz porywy do 90 km\/h, wysoko w Sudetach do 60 km\/h.<\/p>\r\n\r\n<p>W nocy z soboty na niedziel\u0119 zachmurzenie ma\u0142e i umiarkowane, gdzieniegdzie du\u017ce. Miejscami opady deszczu, g\u0142\u00f3wnie przelotne, a na wybrze\u017cu oraz kra\u0144cach po\u0142udniowych i wschodnich burze. Prognozowana wysoko\u015b\u0107 opad\u00f3w w burzach do 10 mm. Lokalnie mg\u0142y. Temperatura minimalna od 12\u00b0C do 17\u00b0C. Wiatr s\u0142aby i umiarkowany, a na wybrze\u017cu tak\u017ce do\u015b\u0107 silny i silny, przewa\u017cnie po\u0142udniowo-zachodni. Nad morzem porywy wiatru do 70 km\/h, w czasie burz do 80 km\/h.<\/p>\r\n\r\n<p><img decoding=\"async\" alt=\"prognoza burz na niedziel\u0119\" data-entity-type=\"file\" data-entity-uuid=\"2542bc90-8111-4c66-b2be-109578c37e79\" src=\"https:\/\/imgw.pl\/wp-content\/uploads\/2025\/08\/imgw_komunikat_0730-niebezpieczna-pogoda-w-weekend_zal.-1.jpg\" \/><br \/>\r\n&nbsp;<br \/>\r\nRyc. 1 Prognoza burz na niedziel\u0119 01.08.2021<\/p>\r\n\r\n<p>W dzie\u0144 zachmurzenie du\u017ce z wi\u0119kszymi przeja\u015bnieniami oraz przelotnymi opadami deszczu. W po\u0142udniowo-wschodniej po\u0142owie kraju i na wybrze\u017cu mo\u017cliwe burze, lokalnie z gradem. Na po\u0142udniowym zachodzie opady deszczu o umiarkowanym nat\u0119\u017ceniu. Prognozowana wysoko\u015b\u0107 opad\u00f3w na po\u0142udniu i po\u0142udniowym wschodzie do 30 mm, lokalnie do 40 mm. Temperatura maksymalna od 20-21\u00b0C na zachodzie do 30\u00b0C na wschodzie. Wiatr s\u0142aby i umiarkowany, z kierunk\u00f3w po\u0142udniowych i zachodnich. W czasie burz porywy do 90 km\/h, lokalnie do 100 km\/h, w Karpatach do 80 km\/h.<\/p>\r\n\r\n<p>Obserwujcie nasze ostrze\u017cenia meteorologiczne i hydrologiczne na bie\u017c\u0105co: <a href=\"https:\/\/meteo.imgw.pl\/\">meteo.imgw.pl<\/a>.<\/p>\n\n\n<figure class=\"wp-block-gallery wp-block-gallery-1 is-layout-flex wp-block-gallery-is-layout-flex\">\n<div class=\"wp-block-image\">\n<img decoding=\"async\" src=\"https:\/\/imgw.pl\/wp-content\/uploads\/2021\/07\/imgw_komunikat_0730-niebezpieczna-pogoda-w-weekend_zal.-1.jpg\" alt=\"\" style=\"max-width: 100%; height: auto;\" \/>\n<\/div>\n<\/figure>","protected":false},"excerpt":{"rendered":"<p>Przed nami weekend, kt\u00f3ry up\u0142ynie pod znakiem dynamicznej sytuacji pogodowej. Pi\u0105tek b\u0119dzie jeszcze spokojny, ale ju\u017c od soboty prognozujemy burze z gradem o wielko\u015bci nawet 5 cm, intensywne opady deszczu do 50 mm oraz silne porywy wiatru do 100 km\/h. W niedziel\u0119 na po\u0142udniowym wschodzie kraju wyst\u0105pi\u0105 te\u017c warunki sprzyjaj\u0105ce pojawieniu si\u0119 tr\u0105by powietrznej. W [&hellip;]<\/p>\n","protected":false},"author":1,"featured_media":9984,"comment_status":"closed","ping_status":"","sticky":false,"template":"","format":"standard","meta":{"footnotes":""},"categories":[5],"tags":[],"class_list":["post-9981","post","type-post","status-publish","format-standard","has-post-thumbnail","hentry","category-aktualnosci"],"_links":{"self":[{"href":"https:\/\/imgw.pl\/en\/wp-json\/wp\/v2\/posts\/9981","targetHints":{"allow":["GET"]}}],"collection":[{"href":"https:\/\/imgw.pl\/en\/wp-json\/wp\/v2\/posts"}],"about":[{"href":"https:\/\/imgw.pl\/en\/wp-json\/wp\/v2\/types\/post"}],"author":[{"embeddable":true,"href":"https:\/\/imgw.pl\/en\/wp-json\/wp\/v2\/users\/1"}],"replies":[{"embeddable":true,"href":"https:\/\/imgw.pl\/en\/wp-json\/wp\/v2\/comments?post=9981"}],"version-history":[{"count":1,"href":"https:\/\/imgw.pl\/en\/wp-json\/wp\/v2\/posts\/9981\/revisions"}],"predecessor-version":[{"id":9985,"href":"https:\/\/imgw.pl\/en\/wp-json\/wp\/v2\/posts\/9981\/revisions\/9985"}],"wp:featuredmedia":[{"embeddable":true,"href":"https:\/\/imgw.pl\/en\/wp-json\/wp\/v2\/media\/9984"}],"wp:attachment":[{"href":"https:\/\/imgw.pl\/en\/wp-json\/wp\/v2\/media?parent=9981"}],"wp:term":[{"taxonomy":"category","embeddable":true,"href":"https:\/\/imgw.pl\/en\/wp-json\/wp\/v2\/categories?post=9981"},{"taxonomy":"post_tag","embeddable":true,"href":"https:\/\/imgw.pl\/en\/wp-json\/wp\/v2\/tags?post=9981"}],"curies":[{"name":"wp","href":"https:\/\/api.w.org\/{rel}","templated":true}]}}