{"id":9987,"date":"2021-08-01T13:36:14","date_gmt":"2021-08-01T11:36:14","guid":{"rendered":"http:\/\/localhost:8000\/uwaga-znaczne-ryzyko-zwiazane-z-burzami-na-poludniowym-wschodzie-kraju-dla-wojewodztw-malopolskiego-swietokrzyskiego-lubelskiego-i-podkarpackiego-zostaly-wydane-ostrzezenia-najwyzszego-trzecieg\/"},"modified":"2025-08-25T12:46:23","modified_gmt":"2025-08-25T10:46:23","slug":"uwaga-znaczne-ryzyko-zwiazane-z-burzami-na-poludniowym-wschodzie-kraju-dla-wojewodztw-malopolskiego-swietokrzyskiego-lubelskiego-i-podkarpackiego-zostaly-wydane-ostrzezenia-najwyzszego-trzecieg","status":"publish","type":"post","link":"https:\/\/imgw.pl\/en\/uwaga-znaczne-ryzyko-zwiazane-z-burzami-na-poludniowym-wschodzie-kraju-dla-wojewodztw-malopolskiego-swietokrzyskiego-lubelskiego-i-podkarpackiego-zostaly-wydane-ostrzezenia-najwyzszego-trzecieg\/","title":{"rendered":"Uwaga!  Znaczne ryzyko zwi\u0105zane z burzami na po\u0142udniowym wschodzie kraju. Dla wojew\u00f3dztw: ma\u0142opolskiego, \u015bwi\u0119tokrzyskiego, lubelskiego i podkarpackiego zosta\u0142y wydane ostrze\u017cenia najwy\u017cszego, trzeciego stopnia."},"content":{"rendered":"<p><strong>Polska b\u0119dzie dzi\u015b w zasi\u0119gu ni\u017cu znad Skandynawii, na po\u0142udniu i wschodzie kraju zaznacza\u0107 si\u0119 b\u0119dzie obecno\u015b\u0107 pofalowanego frontu atmosferycznego. Strefa frontu b\u0119dzie si\u0119 wi\u0105za\u0107 z ryzykiem burz z intensywnym deszczem, dlatego dla obszaru od Dolnego \u015al\u0105ska po wschodnie Mazowsze wydane zosta\u0142y ostrze\u017cenia 1\u00b0 i 2\u00b0 na silny deszcz z burzami. W zwi\u0105zku z zagro\u017ceniem wyst\u0105pienia podtopie\u0144 zosta\u0142y wydane r\u00f3wnie\u017c ostrze\u017cenia hydrologiczne 1\u00b0 i 2\u00b0. W obszarach wyst\u0105pienia prognozowanych opad\u00f3w burzowych, na mniejszych rzekach oraz w zlewniach zurbanizowanych, mog\u0105 wyst\u0105pi\u0107 gwa\u0142towne wzrosty poziomu wody i podtopienia (zw\u0142aszcza b\u0142yskawiczne). W przypadku wyst\u0105pienia szczeg\u00f3lnie intensywnych opad\u00f3w, istnieje mo\u017cliwo\u015b\u0107 kr\u00f3tkotrwa\u0142ego przekroczenia stan\u00f3w ostrzegawczych, a punktowo alarmowych.<\/strong><\/p>\r\n\r\n<p><strong>Jeszcze bardziej niepokoj\u0105ca sytuacja jest na po\u0142udniowym wschodzie \u2013 gdzie wyst\u0105pi\u0105 do\u015b\u0107 dobre warunki dla powstawania burz, a wyj\u0105tkowo dynamiczna atmosfera b\u0119dzie wp\u0142ywa\u0107 na gwa\u0142towno\u015b\u0107 powstaj\u0105cych tu burz (mo\u017cliwe formacje tzw. superkom\u00f3rek burzowych).&nbsp;<\/strong><\/p>\r\n\r\n<p><br \/>\r\n<strong><span style=\"background-color:#f1c40f;\">Z tego wzgl\u0119du dla czterech wojew\u00f3dztw: ma\u0142opolskiego, \u015bwi\u0119tokrzyskiego, lubelskiego i podkarpackiego zosta\u0142y wydane ostrze\u017cenia najwy\u017cszego, trzeciego stopnia, ze wzgl\u0119du na ryzyko wyst\u0105pienia silnych ulew lub deszczu nawalnego, gwa\u0142townych, a nawet niszczycielskich poryw\u00f3w wiatru (mo\u017cliwe s\u0105 te\u017c tr\u0105by powietrzne) oraz opad\u00f3w bardzo du\u017cego gradu (o \u015brednicy przekraczaj\u0105cej 5 cm).&nbsp;<\/span><\/strong><\/p>\r\n\r\n<p><strong>Zagro\u017cenie zwi\u0105zane z tymi burzami jest du\u017ce, jednak same zjawiska b\u0119d\u0105 do\u015b\u0107 lokalne i trudno z du\u017cym wyprzedzeniem precyzyjnie okre\u015bli\u0107 ich lokalizacj\u0119. Dlatego niezb\u0119dne jest monitorowanie sytuacji \u2013 obserwacja pogody na niebie, a tak\u017ce w serwisach imgw \u2013 meteo.imgw.pl \u2013 szczeg\u00f3lnie na mapie aktualnych ostrze\u017ce\u0144 i komunikat\u00f3w, oraz na mapach radarowych \u2013 gdzie mo\u017cna zapozna\u0107 si\u0119 z bie\u017c\u0105c\u0105 lokalizacj\u0105 burz, a tak\u017ce zobaczy\u0107 w kt\u00f3rej burzy mo\u017cliwy jest grad. Zapraszamy do \u015bledzenia nas na facebooku (https:\/\/www.facebook.com\/burzaalertimgw) i twitterze (https:\/\/twitter.com\/IMGWmeteo). <\/strong><\/p>\r\n\r\n<p><strong>Szczeg\u00f3lnie na kanale twitter, uruchomimy dzi\u015b specjalny hashtag #IMGWlive gdzie na bie\u017c\u0105co podawane b\u0119d\u0105 wszystkie istotne zaobserwowane zjawiska.<\/strong><br \/>\r\n&nbsp;<\/p>\n\n\n<figure class=\"wp-block-gallery wp-block-gallery-1 is-layout-flex wp-block-gallery-is-layout-flex\">\n<div class=\"wp-block-image\">\n<img decoding=\"async\" src=\"https:\/\/imgw.pl\/wp-content\/uploads\/2021\/08\/imgw_komunikat_0801-dla-4-wojewodztw-ostrzezenia-najwyzszego-trzeciego-stopnia.-zal.-3.jpg\" alt=\"\" style=\"max-width: 100%; height: auto;\" \/>\n<\/div>\n<div class=\"wp-block-image\">\n<img decoding=\"async\" src=\"https:\/\/imgw.pl\/wp-content\/uploads\/2021\/08\/imgw_komunikat_0801-dla-4-wojewodztw-ostrzezenia-najwyzszego-trzeciego-stopnia.-zal.-2.jpg\" alt=\"\" style=\"max-width: 100%; height: auto;\" \/>\n<\/div>\n<div class=\"wp-block-image\">\n<img decoding=\"async\" src=\"https:\/\/imgw.pl\/wp-content\/uploads\/2021\/08\/imgw_komunikat_0801-dla-4-wojewodztw-ostrzezenia-najwyzszego-trzeciego-stopnia.-zal.-1.jpg\" alt=\"\" style=\"max-width: 100%; height: auto;\" \/>\n<\/div>\n<\/figure>","protected":false},"excerpt":{"rendered":"<p>Polska b\u0119dzie dzi\u015b w zasi\u0119gu ni\u017cu znad Skandynawii, na po\u0142udniu i wschodzie kraju zaznacza\u0107 si\u0119 b\u0119dzie obecno\u015b\u0107 pofalowanego frontu atmosferycznego. Strefa frontu b\u0119dzie si\u0119 wi\u0105za\u0107 z ryzykiem burz z intensywnym deszczem, dlatego dla obszaru od Dolnego \u015al\u0105ska po wschodnie Mazowsze wydane zosta\u0142y ostrze\u017cenia 1\u00b0 i 2\u00b0 na silny deszcz z burzami. W zwi\u0105zku z zagro\u017ceniem [&hellip;]<\/p>\n","protected":false},"author":1,"featured_media":9992,"comment_status":"closed","ping_status":"","sticky":false,"template":"","format":"standard","meta":{"footnotes":""},"categories":[5],"tags":[],"class_list":["post-9987","post","type-post","status-publish","format-standard","has-post-thumbnail","hentry","category-aktualnosci"],"_links":{"self":[{"href":"https:\/\/imgw.pl\/en\/wp-json\/wp\/v2\/posts\/9987","targetHints":{"allow":["GET"]}}],"collection":[{"href":"https:\/\/imgw.pl\/en\/wp-json\/wp\/v2\/posts"}],"about":[{"href":"https:\/\/imgw.pl\/en\/wp-json\/wp\/v2\/types\/post"}],"author":[{"embeddable":true,"href":"https:\/\/imgw.pl\/en\/wp-json\/wp\/v2\/users\/1"}],"replies":[{"embeddable":true,"href":"https:\/\/imgw.pl\/en\/wp-json\/wp\/v2\/comments?post=9987"}],"version-history":[{"count":1,"href":"https:\/\/imgw.pl\/en\/wp-json\/wp\/v2\/posts\/9987\/revisions"}],"predecessor-version":[{"id":9993,"href":"https:\/\/imgw.pl\/en\/wp-json\/wp\/v2\/posts\/9987\/revisions\/9993"}],"wp:featuredmedia":[{"embeddable":true,"href":"https:\/\/imgw.pl\/en\/wp-json\/wp\/v2\/media\/9992"}],"wp:attachment":[{"href":"https:\/\/imgw.pl\/en\/wp-json\/wp\/v2\/media?parent=9987"}],"wp:term":[{"taxonomy":"category","embeddable":true,"href":"https:\/\/imgw.pl\/en\/wp-json\/wp\/v2\/categories?post=9987"},{"taxonomy":"post_tag","embeddable":true,"href":"https:\/\/imgw.pl\/en\/wp-json\/wp\/v2\/tags?post=9987"}],"curies":[{"name":"wp","href":"https:\/\/api.w.org\/{rel}","templated":true}]}}